{"id":971,"date":"2004-03-31T14:59:00","date_gmt":"2004-03-31T14:59:00","guid":{"rendered":"https:\/\/www.oidossucios.com\/site\/2004\/03\/31\/vampiro-vuelve-a-las-radios\/"},"modified":"2004-03-31T14:59:00","modified_gmt":"2004-03-31T14:59:00","slug":"vampiro-vuelve-a-las-radios","status":"publish","type":"post","link":"https:\/\/www.oidossucios.com\/site\/vampiro-vuelve-a-las-radios\/","title":{"rendered":"Vampiro vuelve a las radios"},"content":{"rendered":"<p>Vampiro, el tema original de la agrupaci\u00f3n Seguridad Nacional y que populariz\u00f3 Zapato 3 en los 90s al incluirlo en su disco &#8220;C\u00e1psula para volar&#8221;, es el primer single del tr\u00edo caraque\u00f1o Starsky, Hutch y El Gran Torino, el cual ya comienza a sonar en las principales radios nacionales.<\/p>\n<p>Starsky, Hutch y El Gran Torino est\u00e1 conformada por los m\u00fasicos Marcelo Toutin (bajo y voz), V\u00edctor Hugo Mendoza (guitarra, teclas y  voz) y Jos\u00e9 Juan Sanguinetti (bater\u00eda), ex \u0096 integrantes de la agrupaci\u00f3n SQP. El sonido electr\u00f3nico pero contundente de la agrupaci\u00f3n quedar\u00e1 registrado en su \u00e1lbum debut, en el cual ya se graban temas como: Girar, Devora, Encendedor, La mirada, La abeja, Vinil, Evoluci\u00f3n, El Viaje y el mencionado Vampiro.<\/p>\n<p>Por ahora, la agrupaci\u00f3n se presentar\u00e1 el pr\u00f3ximo 2 de abril en Ciudad Ojeda (Estado Zulia), as\u00ed como tambi\u00e9n formar\u00e1 parte del tributo a Frank Quintero que se llevar\u00e1 a cabo en la edici\u00f3n de este a\u00f1o de los Premios Venezuela Pop &#038;Rock, para los cuales a\u00fan no se ha anunciado una nueva fecha luego de su suspensi\u00f3n.<\/p>\n","protected":false},"excerpt":{"rendered":"<p>El tema original de Seguridad Nacional y popularizado por Zapato 3 es el single de Starsky, Hutch y El Gran Torino que ya rota en las radios nacionales.<\/p>\n","protected":false},"author":4,"featured_media":10000971,"comment_status":"open","ping_status":"open","sticky":false,"template":"","format":"standard","meta":{"_jetpack_memberships_contains_paid_content":false,"footnotes":""},"categories":[250],"tags":[356],"class_list":["post-971","post","type-post","status-publish","format-standard","has-post-thumbnail","hentry","category-noticias","tag-sqp"],"jetpack_featured_media_url":"https:\/\/www.oidossucios.com\/site\/wp-content\/uploads\/2004\/03\/971.jpg","yoast_head":"<!-- This site is optimized with the Yoast SEO plugin v14.0.4 - https:\/\/yoast.com\/wordpress\/plugins\/seo\/ -->\n<title>Vampiro vuelve a las radios - OidosSucios.Com<\/title>\n<meta name=\"description\" content=\"La Plaza de la Castellana acoger\u00e1 el pr\u00f3ximo 29 y 30 de mayo el tradicional festival escolar organizado por la Fundaci\u00f3n Nuevas Bandas, que esta vez ser\u00e1 con entrada gratuita.\" \/>\n<meta name=\"robots\" content=\"index, follow\" \/>\n<meta name=\"googlebot\" content=\"index, follow, max-snippet:-1, max-image-preview:large, max-video-preview:-1\" \/>\n<meta name=\"bingbot\" content=\"index, follow, max-snippet:-1, max-image-preview:large, max-video-preview:-1\" \/>\n<link rel=\"canonical\" href=\"https:\/\/www.oidossucios.com\/site\/vampiro-vuelve-a-las-radios\/\" \/>\n<meta property=\"og:locale\" content=\"es_ES\" \/>\n<meta property=\"og:type\" content=\"article\" \/>\n<meta property=\"og:title\" content=\"Vampiro vuelve a las radios - OidosSucios.Com\" \/>\n<meta property=\"og:description\" content=\"La Plaza de la Castellana acoger\u00e1 el pr\u00f3ximo 29 y 30 de mayo el tradicional festival escolar organizado por la Fundaci\u00f3n Nuevas Bandas, que esta vez ser\u00e1 con entrada gratuita.\" \/>\n<meta property=\"og:url\" content=\"https:\/\/www.oidossucios.com\/site\/vampiro-vuelve-a-las-radios\/\" \/>\n<meta property=\"og:site_name\" content=\"OidosSucios.Com\" \/>\n<meta property=\"article:published_time\" content=\"2004-03-31T14:59:00+00:00\" \/>\n<meta property=\"og:image\" content=\"https:\/\/www.oidossucios.com\/site\/wp-content\/uploads\/2004\/03\/971.jpg\" \/>\n\t<meta property=\"og:image:width\" content=\"290\" \/>\n\t<meta property=\"og:image:height\" content=\"100\" \/>\n<meta name=\"twitter:card\" content=\"summary_large_image\" \/>\n<meta name=\"twitter:creator\" content=\"@oidossucios\" \/>\n<script type=\"application\/ld+json\" class=\"yoast-schema-graph\">{\"@context\":\"https:\/\/schema.org\",\"@graph\":[{\"@type\":\"WebSite\",\"@id\":\"https:\/\/www.oidossucios.com\/site\/#website\",\"url\":\"https:\/\/www.oidossucios.com\/site\/\",\"name\":\"OidosSucios.Com\",\"description\":\"M\\u00fasica, conciertos, discos\",\"potentialAction\":[{\"@type\":\"SearchAction\",\"target\":\"https:\/\/www.oidossucios.com\/site\/?s={search_term_string}\",\"query-input\":\"required name=search_term_string\"}],\"inLanguage\":\"es\"},{\"@type\":\"ImageObject\",\"@id\":\"https:\/\/www.oidossucios.com\/site\/vampiro-vuelve-a-las-radios\/#primaryimage\",\"inLanguage\":\"es\",\"url\":\"https:\/\/www.oidossucios.com\/site\/wp-content\/uploads\/2004\/03\/971.jpg\",\"width\":290,\"height\":100},{\"@type\":\"WebPage\",\"@id\":\"https:\/\/www.oidossucios.com\/site\/vampiro-vuelve-a-las-radios\/#webpage\",\"url\":\"https:\/\/www.oidossucios.com\/site\/vampiro-vuelve-a-las-radios\/\",\"name\":\"Vampiro vuelve a las radios - OidosSucios.Com\",\"isPartOf\":{\"@id\":\"https:\/\/www.oidossucios.com\/site\/#website\"},\"primaryImageOfPage\":{\"@id\":\"https:\/\/www.oidossucios.com\/site\/vampiro-vuelve-a-las-radios\/#primaryimage\"},\"datePublished\":\"2004-03-31T14:59:00+00:00\",\"dateModified\":\"2004-03-31T14:59:00+00:00\",\"author\":{\"@id\":\"https:\/\/www.oidossucios.com\/site\/#\/schema\/person\/24559eeb76bf83a63296fb072393a688\"},\"description\":\"La Plaza de la Castellana acoger\\u00e1 el pr\\u00f3ximo 29 y 30 de mayo el tradicional festival escolar organizado por la Fundaci\\u00f3n Nuevas Bandas, que esta vez ser\\u00e1 con entrada gratuita.\",\"inLanguage\":\"es\",\"potentialAction\":[{\"@type\":\"ReadAction\",\"target\":[\"https:\/\/www.oidossucios.com\/site\/vampiro-vuelve-a-las-radios\/\"]}]},{\"@type\":[\"Person\"],\"@id\":\"https:\/\/www.oidossucios.com\/site\/#\/schema\/person\/24559eeb76bf83a63296fb072393a688\",\"name\":\"Oidossucios\",\"image\":{\"@type\":\"ImageObject\",\"@id\":\"https:\/\/www.oidossucios.com\/site\/#personlogo\",\"inLanguage\":\"es\",\"url\":\"https:\/\/secure.gravatar.com\/avatar\/74fcb480f42f1a33e50a0b6e6369a3f907be2e43dc84fa5f76c66e9c22b4a5ab?s=96&d=mm&r=g\",\"caption\":\"Oidossucios\"},\"sameAs\":[\"https:\/\/twitter.com\/oidossucios\"]}]}<\/script>\n<!-- \/ Yoast SEO plugin. -->","jetpack_sharing_enabled":true,"_links":{"self":[{"href":"https:\/\/www.oidossucios.com\/site\/wp-json\/wp\/v2\/posts\/971","targetHints":{"allow":["GET"]}}],"collection":[{"href":"https:\/\/www.oidossucios.com\/site\/wp-json\/wp\/v2\/posts"}],"about":[{"href":"https:\/\/www.oidossucios.com\/site\/wp-json\/wp\/v2\/types\/post"}],"author":[{"embeddable":true,"href":"https:\/\/www.oidossucios.com\/site\/wp-json\/wp\/v2\/users\/4"}],"replies":[{"embeddable":true,"href":"https:\/\/www.oidossucios.com\/site\/wp-json\/wp\/v2\/comments?post=971"}],"version-history":[{"count":0,"href":"https:\/\/www.oidossucios.com\/site\/wp-json\/wp\/v2\/posts\/971\/revisions"}],"wp:featuredmedia":[{"embeddable":true,"href":"https:\/\/www.oidossucios.com\/site\/wp-json\/wp\/v2\/media\/10000971"}],"wp:attachment":[{"href":"https:\/\/www.oidossucios.com\/site\/wp-json\/wp\/v2\/media?parent=971"}],"wp:term":[{"taxonomy":"category","embeddable":true,"href":"https:\/\/www.oidossucios.com\/site\/wp-json\/wp\/v2\/categories?post=971"},{"taxonomy":"post_tag","embeddable":true,"href":"https:\/\/www.oidossucios.com\/site\/wp-json\/wp\/v2\/tags?post=971"}],"curies":[{"name":"wp","href":"https:\/\/api.w.org\/{rel}","templated":true}]}}