{"id":974,"date":"2004-04-06T22:25:00","date_gmt":"2004-04-06T22:25:00","guid":{"rendered":"https:\/\/www.oidossucios.com\/site\/2004\/04\/06\/los-fans-de-kurt-cobain-en-vigilia\/"},"modified":"2004-04-06T22:25:00","modified_gmt":"2004-04-06T22:25:00","slug":"los-fans-de-kurt-cobain-en-vigilia","status":"publish","type":"post","link":"https:\/\/www.oidossucios.com\/site\/los-fans-de-kurt-cobain-en-vigilia\/","title":{"rendered":"Los fans de Kurt Cobain en vigilia"},"content":{"rendered":"<p>Miles de fans del fallecido l\u00edder de Nirvana, Kurt Cobain, se re\u00fanen esta noche en vigilia en las inmediaciones del Parque Viretta de Seattle para conmemorar el d\u00e9cimo aniversario de su muerte.<\/p>\n<p>Cobain se suicid\u00f3 en alg\u00fan momento entre el 5 y el 8 de abril de 1994 en el invernadero de su casa de Seattle dispar\u00e1ndose un balazo con una escopeta tras inyectarse una sobredosis de hero\u00edna. <\/p>\n<p>El cantante &#8220;grunge&#8221;, que redefini\u00f3 la m\u00fasica rock, ten\u00eda apenas 27 a\u00f1os, pero estaba en la c\u00faspide de la fama y de una profunda depresi\u00f3n ali\u00f1ada con estupefacientes, que ven\u00eda arrastrando desde mucho antes. <\/p>\n<p>Nirvana salt\u00f3 al estrellato gracias al \u00e1lbum &#8220;Nevermind&#8221;, de 1991, al que sigui\u00f3 &#8220;Smells Like Teen Spirit&#8221;, que se convirti\u00f3 en un himno para los adolescentes. <\/p>\n<p>En marzo de 1993 lleg\u00f3 &#8220;In Utero&#8221;, t\u00edtulo apropiado para un reci\u00e9n estrenado pap\u00e1, como era Cobain, aunque \u00e9ste quiso haber titulado &#8220;Me odio y quiero morir&#8221;. <\/p>\n<p>Un a\u00f1o despu\u00e9s, el grupo inici\u00f3 una gira por Europa. Despu\u00e9s de s\u00f3lo 16 conciertos, el cantante comenz\u00f3 a sentirse mal y la cancel\u00f3, tras lo cual intent\u00f3 suicidarse en un hotel de Roma ingiriendo 60 pastillas de un potente narc\u00f3tico. <\/p>\n<p>Cobain se recuper\u00f3 milagrosamente, s\u00f3lo para intentarlo de nuevo, esta vez con \u00e9xito, en su residencia de Seattle. <\/p>\n<p>All\u00ed dej\u00f3 una nota p\u00f3stuma en la que citaba las presiones de la fama, su permanente dolor de est\u00f3mago y la tristeza de no ser capaz de disfrutar m\u00e1s de la m\u00fasica, como motivos para quitarse la vida.<\/p>\n","protected":false},"excerpt":{"rendered":"<p>Miles de fans del fallecido l\u00edder de Nirvana se re\u00fanen esta noche en vigilia en las inmediaciones del Parque Viretta de Seattle para conmemorar el d\u00e9cimo aniversario de su muerte.<\/p>\n","protected":false},"author":4,"featured_media":10000970,"comment_status":"open","ping_status":"open","sticky":false,"template":"","format":"standard","meta":{"_jetpack_memberships_contains_paid_content":false,"footnotes":""},"categories":[250],"tags":[351],"class_list":["post-974","post","type-post","status-publish","format-standard","has-post-thumbnail","hentry","category-noticias","tag-nirvana"],"jetpack_featured_media_url":"https:\/\/www.oidossucios.com\/site\/wp-content\/uploads\/2004\/03\/970.jpg","yoast_head":"<!-- This site is optimized with the Yoast SEO plugin v14.0.4 - https:\/\/yoast.com\/wordpress\/plugins\/seo\/ -->\n<title>Los fans de Kurt Cobain en vigilia - OidosSucios.Com<\/title>\n<meta name=\"description\" content=\"La salida del guitarrista Buckethead. destapa una nueva crisis en la agrupaci\u00f3n, que no participar\u00e1 en el Rock In Rio de Lisboa y vuelve a navegar a la deriva.\" \/>\n<meta name=\"robots\" content=\"index, follow\" \/>\n<meta name=\"googlebot\" content=\"index, follow, max-snippet:-1, max-image-preview:large, max-video-preview:-1\" \/>\n<meta name=\"bingbot\" content=\"index, follow, max-snippet:-1, max-image-preview:large, max-video-preview:-1\" \/>\n<link rel=\"canonical\" href=\"https:\/\/www.oidossucios.com\/site\/los-fans-de-kurt-cobain-en-vigilia\/\" \/>\n<meta property=\"og:locale\" content=\"es_ES\" \/>\n<meta property=\"og:type\" content=\"article\" \/>\n<meta property=\"og:title\" content=\"Los fans de Kurt Cobain en vigilia - OidosSucios.Com\" \/>\n<meta property=\"og:description\" content=\"La salida del guitarrista Buckethead. destapa una nueva crisis en la agrupaci\u00f3n, que no participar\u00e1 en el Rock In Rio de Lisboa y vuelve a navegar a la deriva.\" \/>\n<meta property=\"og:url\" content=\"https:\/\/www.oidossucios.com\/site\/los-fans-de-kurt-cobain-en-vigilia\/\" \/>\n<meta property=\"og:site_name\" content=\"OidosSucios.Com\" \/>\n<meta property=\"article:published_time\" content=\"2004-04-06T22:25:00+00:00\" \/>\n<meta property=\"og:image\" content=\"https:\/\/www.oidossucios.com\/site\/wp-content\/uploads\/2004\/03\/970.jpg\" \/>\n\t<meta property=\"og:image:width\" content=\"290\" \/>\n\t<meta property=\"og:image:height\" content=\"100\" \/>\n<meta name=\"twitter:card\" content=\"summary_large_image\" \/>\n<meta name=\"twitter:creator\" content=\"@oidossucios\" \/>\n<script type=\"application\/ld+json\" class=\"yoast-schema-graph\">{\"@context\":\"https:\/\/schema.org\",\"@graph\":[{\"@type\":\"WebSite\",\"@id\":\"https:\/\/www.oidossucios.com\/site\/#website\",\"url\":\"https:\/\/www.oidossucios.com\/site\/\",\"name\":\"OidosSucios.Com\",\"description\":\"M\\u00fasica, conciertos, discos\",\"potentialAction\":[{\"@type\":\"SearchAction\",\"target\":\"https:\/\/www.oidossucios.com\/site\/?s={search_term_string}\",\"query-input\":\"required name=search_term_string\"}],\"inLanguage\":\"es\"},{\"@type\":\"ImageObject\",\"@id\":\"https:\/\/www.oidossucios.com\/site\/los-fans-de-kurt-cobain-en-vigilia\/#primaryimage\",\"inLanguage\":\"es\",\"url\":\"https:\/\/www.oidossucios.com\/site\/wp-content\/uploads\/2004\/03\/970.jpg\",\"width\":290,\"height\":100},{\"@type\":\"WebPage\",\"@id\":\"https:\/\/www.oidossucios.com\/site\/los-fans-de-kurt-cobain-en-vigilia\/#webpage\",\"url\":\"https:\/\/www.oidossucios.com\/site\/los-fans-de-kurt-cobain-en-vigilia\/\",\"name\":\"Los fans de Kurt Cobain en vigilia - OidosSucios.Com\",\"isPartOf\":{\"@id\":\"https:\/\/www.oidossucios.com\/site\/#website\"},\"primaryImageOfPage\":{\"@id\":\"https:\/\/www.oidossucios.com\/site\/los-fans-de-kurt-cobain-en-vigilia\/#primaryimage\"},\"datePublished\":\"2004-04-06T22:25:00+00:00\",\"dateModified\":\"2004-04-06T22:25:00+00:00\",\"author\":{\"@id\":\"https:\/\/www.oidossucios.com\/site\/#\/schema\/person\/24559eeb76bf83a63296fb072393a688\"},\"description\":\"La salida del guitarrista Buckethead. destapa una nueva crisis en la agrupaci\\u00f3n, que no participar\\u00e1 en el Rock In Rio de Lisboa y vuelve a navegar a la deriva.\",\"inLanguage\":\"es\",\"potentialAction\":[{\"@type\":\"ReadAction\",\"target\":[\"https:\/\/www.oidossucios.com\/site\/los-fans-de-kurt-cobain-en-vigilia\/\"]}]},{\"@type\":[\"Person\"],\"@id\":\"https:\/\/www.oidossucios.com\/site\/#\/schema\/person\/24559eeb76bf83a63296fb072393a688\",\"name\":\"Oidossucios\",\"image\":{\"@type\":\"ImageObject\",\"@id\":\"https:\/\/www.oidossucios.com\/site\/#personlogo\",\"inLanguage\":\"es\",\"url\":\"https:\/\/secure.gravatar.com\/avatar\/74fcb480f42f1a33e50a0b6e6369a3f907be2e43dc84fa5f76c66e9c22b4a5ab?s=96&d=mm&r=g\",\"caption\":\"Oidossucios\"},\"sameAs\":[\"https:\/\/twitter.com\/oidossucios\"]}]}<\/script>\n<!-- \/ Yoast SEO plugin. -->","jetpack_sharing_enabled":true,"_links":{"self":[{"href":"https:\/\/www.oidossucios.com\/site\/wp-json\/wp\/v2\/posts\/974","targetHints":{"allow":["GET"]}}],"collection":[{"href":"https:\/\/www.oidossucios.com\/site\/wp-json\/wp\/v2\/posts"}],"about":[{"href":"https:\/\/www.oidossucios.com\/site\/wp-json\/wp\/v2\/types\/post"}],"author":[{"embeddable":true,"href":"https:\/\/www.oidossucios.com\/site\/wp-json\/wp\/v2\/users\/4"}],"replies":[{"embeddable":true,"href":"https:\/\/www.oidossucios.com\/site\/wp-json\/wp\/v2\/comments?post=974"}],"version-history":[{"count":0,"href":"https:\/\/www.oidossucios.com\/site\/wp-json\/wp\/v2\/posts\/974\/revisions"}],"wp:featuredmedia":[{"embeddable":true,"href":"https:\/\/www.oidossucios.com\/site\/wp-json\/wp\/v2\/media\/10000970"}],"wp:attachment":[{"href":"https:\/\/www.oidossucios.com\/site\/wp-json\/wp\/v2\/media?parent=974"}],"wp:term":[{"taxonomy":"category","embeddable":true,"href":"https:\/\/www.oidossucios.com\/site\/wp-json\/wp\/v2\/categories?post=974"},{"taxonomy":"post_tag","embeddable":true,"href":"https:\/\/www.oidossucios.com\/site\/wp-json\/wp\/v2\/tags?post=974"}],"curies":[{"name":"wp","href":"https:\/\/api.w.org\/{rel}","templated":true}]}}